{"id":960,"date":"2022-08-29T21:21:35","date_gmt":"2022-08-29T20:21:35","guid":{"rendered":"http:\/\/renner-hinteregger.at\/?p=960"},"modified":"2022-08-29T21:25:46","modified_gmt":"2022-08-29T20:25:46","slug":"neu-massage-im-trikala","status":"publish","type":"post","link":"http:\/\/renner-hinteregger.at\/?p=960","title":{"rendered":"NEU!!! Massage im Trikala"},"content":{"rendered":"\n<blockquote class=\"wp-block-quote is-layout-flow wp-block-quote-is-layout-flow\"><p>Ab September bin ich immer<strong> montags<\/strong> f\u00fcr meine Kunden in einem Behandlungsraum des Yogazentrums<strong> TRIKALA <\/strong>in der Morellenfeldgasse 4, 8010 Graz im Einsatz. <\/p><\/blockquote>\n\n\n\n<figure class=\"wp-block-image size-large\"><img loading=\"lazy\" decoding=\"async\" width=\"600\" height=\"400\" src=\"http:\/\/renner-hinteregger.at\/wp-content\/uploads\/2022\/08\/Trikala-Praxis-2-600.jpg\" alt=\"\" class=\"wp-image-961\" srcset=\"http:\/\/renner-hinteregger.at\/wp-content\/uploads\/2022\/08\/Trikala-Praxis-2-600.jpg 600w, http:\/\/renner-hinteregger.at\/wp-content\/uploads\/2022\/08\/Trikala-Praxis-2-600-300x200.jpg 300w, http:\/\/renner-hinteregger.at\/wp-content\/uploads\/2022\/08\/Trikala-Praxis-2-600-350x233.jpg 350w\" sizes=\"auto, (max-width: 600px) 100vw, 600px\" \/><\/figure>\n\n\n\n<p>F\u00fcr einen Termin oder weitere Informationen kontaktiere mich gerne telefonisch (wenn du mich nicht erreichst, rufe ich dich bei Hinterlassen einer Nachricht selbstverst\u00e4ndlich zur\u00fcck), per&nbsp;E-Mail oder \u00fcber WhatsApp, Telegram oder Viber. Auch \u00fcber die sozialen Netzwerke wie Facebook (Susanne Renner-Hinteregger) oder Instagram (mind_fit_susi) kannst du mich erreichen.<\/p>\n\n\n\n<p>Tel: 0676\/61 45&nbsp;616<\/p>\n\n\n\n<p>Mail:\u00a0<a href=\"mailto:office@renner-hinteregger.at\">office@renner-hinteregger.at<\/a><\/p>\n\n\n\n<p><a href=\"https:\/\/g.page\/TrikalaYoga?share\">https:\/\/g.page\/TrikalaYoga?share<\/a><\/p>\n\n\n\n<p>Ich freue mich auf dich!<\/p>\n\n\n\n<p><\/p>\n","protected":false},"excerpt":{"rendered":"<p>Ab September bin ich immer montags f\u00fcr meine Kunden in einem Behandlungsraum des Yogazentrums TRIKALA in der Morellenfeldgasse 4, 8010 Graz im Einsatz. F\u00fcr einen Termin oder weitere Informationen kontaktiere mich gerne telefonisch (wenn du mich nicht erreichst, rufe ich dich bei Hinterlassen einer Nachricht selbstverst\u00e4ndlich zur\u00fcck), per&nbsp;E-Mail oder \u00fcber WhatsApp, Telegram oder Viber. Auch &hellip; <\/p>\n<p class=\"link-more\"><a href=\"http:\/\/renner-hinteregger.at\/?p=960\" class=\"more-link\"><span class=\"screen-reader-text\">\u201eNEU!!! Massage im Trikala\u201c<\/span> weiterlesen<\/a><\/p>\n","protected":false},"author":1,"featured_media":0,"comment_status":"closed","ping_status":"closed","sticky":false,"template":"","format":"standard","meta":{"footnotes":""},"categories":[1],"tags":[],"class_list":["post-960","post","type-post","status-publish","format-standard","hentry","category-allgemein"],"_links":{"self":[{"href":"http:\/\/renner-hinteregger.at\/index.php?rest_route=\/wp\/v2\/posts\/960","targetHints":{"allow":["GET"]}}],"collection":[{"href":"http:\/\/renner-hinteregger.at\/index.php?rest_route=\/wp\/v2\/posts"}],"about":[{"href":"http:\/\/renner-hinteregger.at\/index.php?rest_route=\/wp\/v2\/types\/post"}],"author":[{"embeddable":true,"href":"http:\/\/renner-hinteregger.at\/index.php?rest_route=\/wp\/v2\/users\/1"}],"replies":[{"embeddable":true,"href":"http:\/\/renner-hinteregger.at\/index.php?rest_route=%2Fwp%2Fv2%2Fcomments&post=960"}],"version-history":[{"count":6,"href":"http:\/\/renner-hinteregger.at\/index.php?rest_route=\/wp\/v2\/posts\/960\/revisions"}],"predecessor-version":[{"id":967,"href":"http:\/\/renner-hinteregger.at\/index.php?rest_route=\/wp\/v2\/posts\/960\/revisions\/967"}],"wp:attachment":[{"href":"http:\/\/renner-hinteregger.at\/index.php?rest_route=%2Fwp%2Fv2%2Fmedia&parent=960"}],"wp:term":[{"taxonomy":"category","embeddable":true,"href":"http:\/\/renner-hinteregger.at\/index.php?rest_route=%2Fwp%2Fv2%2Fcategories&post=960"},{"taxonomy":"post_tag","embeddable":true,"href":"http:\/\/renner-hinteregger.at\/index.php?rest_route=%2Fwp%2Fv2%2Ftags&post=960"}],"curies":[{"name":"wp","href":"https:\/\/api.w.org\/{rel}","templated":true}]}}