{"id":556,"date":"2020-06-15T19:08:25","date_gmt":"2020-06-15T18:08:25","guid":{"rendered":"http:\/\/renner-hinteregger.at\/?p=556"},"modified":"2020-08-17T11:33:48","modified_gmt":"2020-08-17T10:33:48","slug":"aktuelle-veranstaltung","status":"publish","type":"post","link":"http:\/\/renner-hinteregger.at\/?p=556","title":{"rendered":"Erster Termin &#8222;mindful motion&#8220;"},"content":{"rendered":"\n<p><\/p>\n\n\n\n<p><strong>Aktuelle Veranstaltung in Zusammenarbeit mit den &#8222;Mentalsisters&#8220;<\/strong><\/p>\n\n\n\n<!--nextpage-->\n\n\n\n<ul class=\"wp-block-list\"><li>Du hast Lust etwas \u00fcber Mentaltraining zu erfahren und dein Leben in eine positive Richtung&nbsp;zu lenken?<\/li><li>Du m\u00f6chtest Indian Balance kennenlernen und dich in wundersch\u00f6ner Natur bewegen?<\/li><li>Du willst abschalten, meditieren und entspannen beim \u201eWaldbaden\u201c?<\/li><li>Du m\u00f6chtest dich mit dir verbinden und zu dir finden?<\/li><\/ul>\n\n\n\n<p><strong>MINDFUL MOTION &#8211; Achtsamkeit in Bewegung<br><\/strong>Wir verbinden mindset mit Bewegung, geben dir Techniken aus dem Mental- und Achtsamkeitstraining an die Hand, damit du dein Leben nachhaltig optimieren kannst. Werde dir deiner inneren St\u00e4rke und deines Potentials bewusst und verbinde mit Indian Balance die Kraft von K\u00f6rper und Geist.<strong><br><br>WANN \/ WO<br><\/strong>Unser Tagesseminar findet am 1. August 2020 von 9.00 &#8211; 18.00 Uhr im wundersch\u00f6nen Weinitzen nahe Graz statt. Es steht uns ein gro\u00dfz\u00fcgiger Garten mit angrenzendem Wald zur Verf\u00fcgung.<br><strong><br>VERPFLEGUNG:<br><\/strong>Mittags wirst du mit k\u00f6stlichen Salaten, Suppen, Geb\u00e4ck und anderen Schmankerln verw\u00f6hnt. Kaffee und Tee, sowie alkoholfreie Getr\u00e4nke stehen zur freien Verf\u00fcgung.<br><strong><br>DU BRAUCHST:<br><\/strong>&#8230; keinerlei Vorkenntnisse! Bitte komm mit bequemer Kleidung und Turnschuhen zu uns, f\u00fchle dich wohl!<br>Du kannst auch gerne eine lange Hose f\u00fcr den Wald mitnehmen.<br>Wenn du eine Yogamatte und ein Yogakissen hast, dann bring es bitte mit (sonst auch gerne ein Badetuch).<br>Sollte es sehr hei\u00df werden, kannst du auch gerne deine Badesachen einpacken und in unseren Naturbadeteich h\u00fcpfen!<br><strong><br>AUSGLEICH<\/strong>: <strong>\u20ac 99,- <\/strong>(inkl. Verpflegung, Unterlagen &amp; eventuell ben\u00f6tigten Shuttledienst von der Endstation Mariatrost [Stra\u00dfenbahnlinie 1] zum Kursort)<br><strong><br>ANMELDUNG <\/strong>sowie<strong> N\u00c4HERE INFOS <\/strong>unter:office@renner-hinteregger.at (Achtung: Begrenzte Teilnehmeranzahl!)<\/p>\n\n\n\n<p><strong>WER WIR SIND: <\/strong>    4 Frauen- 4 Berufungen- und doch ein gemeinsamer Weg- MENTALSISTERS! Wir kombinieren Bewegung mit Meditation und unterst\u00fctzen dich dabei dich pers\u00f6nlich weiterzuentwickeln, indem wir dir Techniken aus dem Mental- und Resilienztraining an die Hand geben.&nbsp; Wir sehen Inspiration, Vertrauen und Achtsamkeit als einen der wichtigsten Pfeiler und haben es uns zum Ziel gesetzt Menschen bei der Aktivierung ihrer Potenziale zu unterst\u00fctzen und ihre Lebensqualit\u00e4t zu steigern. Mit Herz und Hirn versuchen wir dein Leben in eine positive Richtung zu lenken.<\/p>\n","protected":false},"excerpt":{"rendered":"<p>Aktuelle Veranstaltung in Zusammenarbeit mit den &#8222;Mentalsisters&#8220;<\/p>\n","protected":false},"author":1,"featured_media":540,"comment_status":"closed","ping_status":"closed","sticky":false,"template":"","format":"standard","meta":{"footnotes":""},"categories":[1],"tags":[],"class_list":["post-556","post","type-post","status-publish","format-standard","has-post-thumbnail","hentry","category-allgemein"],"_links":{"self":[{"href":"http:\/\/renner-hinteregger.at\/index.php?rest_route=\/wp\/v2\/posts\/556","targetHints":{"allow":["GET"]}}],"collection":[{"href":"http:\/\/renner-hinteregger.at\/index.php?rest_route=\/wp\/v2\/posts"}],"about":[{"href":"http:\/\/renner-hinteregger.at\/index.php?rest_route=\/wp\/v2\/types\/post"}],"author":[{"embeddable":true,"href":"http:\/\/renner-hinteregger.at\/index.php?rest_route=\/wp\/v2\/users\/1"}],"replies":[{"embeddable":true,"href":"http:\/\/renner-hinteregger.at\/index.php?rest_route=%2Fwp%2Fv2%2Fcomments&post=556"}],"version-history":[{"count":8,"href":"http:\/\/renner-hinteregger.at\/index.php?rest_route=\/wp\/v2\/posts\/556\/revisions"}],"predecessor-version":[{"id":592,"href":"http:\/\/renner-hinteregger.at\/index.php?rest_route=\/wp\/v2\/posts\/556\/revisions\/592"}],"wp:featuredmedia":[{"embeddable":true,"href":"http:\/\/renner-hinteregger.at\/index.php?rest_route=\/wp\/v2\/media\/540"}],"wp:attachment":[{"href":"http:\/\/renner-hinteregger.at\/index.php?rest_route=%2Fwp%2Fv2%2Fmedia&parent=556"}],"wp:term":[{"taxonomy":"category","embeddable":true,"href":"http:\/\/renner-hinteregger.at\/index.php?rest_route=%2Fwp%2Fv2%2Fcategories&post=556"},{"taxonomy":"post_tag","embeddable":true,"href":"http:\/\/renner-hinteregger.at\/index.php?rest_route=%2Fwp%2Fv2%2Ftags&post=556"}],"curies":[{"name":"wp","href":"https:\/\/api.w.org\/{rel}","templated":true}]}}